{"id":876,"date":"2023-03-17T09:35:26","date_gmt":"2023-03-17T08:35:26","guid":{"rendered":"http:\/\/ucitel.kvcso.cz\/?p=876"},"modified":"2023-03-17T11:41:58","modified_gmt":"2023-03-17T10:41:58","slug":"pedagogicky-den-2023","status":"publish","type":"post","link":"https:\/\/ucitel.kvcso.cz\/?p=876","title":{"rendered":"Pedagogick\u00fd den 2023"},"content":{"rendered":"\n<p>Kdy\u017e se setkaj\u00ed kanto\u0159i z r\u016fzn\u00fdch \u0161kol, je v\u017edy o \u010dem mluvit.&nbsp;<\/p>\n\n\n\n<p>V jeden den v roce se sejdou u\u010ditel\u00e9 v Karlovarsk\u00e9m kraji na velk\u00e9 akci pod n\u00e1zvem <strong>Pedagogick\u00fd den<\/strong>. Je to ji\u017e tradice, kter\u00e1 byla naru\u0161ena pouze obdob\u00edm uzav\u0159en\u00fdch \u0161kol kv\u016fli pandemii. Pro n\u00e1s jako po\u0159\u00e1daj\u00edc\u00ed \u0161kolu jde o d\u016fle\u017eit\u00e9 setk\u00e1n\u00ed, proto\u017ee n\u00e1m jednak le\u017e\u00ed na srdci vzd\u011bl\u00e1v\u00e1n\u00ed v na\u0161em regionu, jednak jsme r\u00e1di, kdy\u017e k n\u00e1m u\u010ditel\u00e9 z jin\u00fdch \u0161kol jezd\u00ed.&nbsp;<\/p>\n\n\n\n<p>Letos jsme za velk\u00e9 podpory Karlovarsk\u00e9ho kraje zvolili ne \u00fapln\u011b \u0161kolsk\u00e9 t\u00e9ma. Pam\u00e1tky sv\u011btov\u00e9ho d\u011bdictv\u00ed UNESCO jsou hodn\u011b aktu\u00e1ln\u00ed d\u00edky l\u00e1ze\u0148sk\u00e9mu troj\u00faheln\u00edku a c\u00edtit to bylo z ka\u017ed\u00e9ho v\u00fdstupu v\u010detn\u011b \u00favodn\u00edho fundovan\u00e9ho vystoupen\u00ed hejtmana Petra Kulh\u00e1nka. Jen\u017ee to byl teprve za\u010d\u00e1tek, dal\u0161\u00ed prezentace byly o nab\u00eddce \u0161kol\u00e1m prakticky nap\u0159\u00ed\u010d regionem. Site mana\u017ee\u0159i jednotliv\u00fdch m\u011bst a z\u00e1stupci region\u00e1ln\u00edch pam\u00e1tek uk\u00e1zali, co na \u017e\u00e1ky v kraji \u010dek\u00e1 a zdaleka ne\u0161lo jen o historick\u00e9 pam\u00e1tky. Pov\u00edd\u00e1n\u00ed Dity Limov\u00e9 z Ministerstva kultury o smyslu a p\u0159\u00ednosu UNESCO celosv\u011btov\u011b i u n\u00e1s by se mohlo v pohod\u011b p\u0159eklopit do p\u0159edn\u00e1\u0161ky pro \u017e\u00e1ky st\u0159edn\u00edch \u0161kol.&nbsp;<\/p>\n\n\n\n<figure class=\"wp-block-image size-large\"><img loading=\"lazy\" decoding=\"async\" width=\"644\" height=\"394\" src=\"http:\/\/ucitel.kvcso.cz\/wp-content\/uploads\/2023\/03\/pedag_den_2023-644x394.jpg\" alt=\"Pedagogick\u00fd den 2023\" class=\"wp-image-875\" srcset=\"https:\/\/ucitel.kvcso.cz\/wp-content\/uploads\/2023\/03\/pedag_den_2023-644x394.jpg 644w, https:\/\/ucitel.kvcso.cz\/wp-content\/uploads\/2023\/03\/pedag_den_2023-300x184.jpg 300w, https:\/\/ucitel.kvcso.cz\/wp-content\/uploads\/2023\/03\/pedag_den_2023-768x470.jpg 768w, https:\/\/ucitel.kvcso.cz\/wp-content\/uploads\/2023\/03\/pedag_den_2023.jpg 800w\" sizes=\"auto, (max-width: 644px) 100vw, 644px\" \/><\/figure>\n\n\n\n<p>Kru\u0161n\u00e9 hory nebo Slavkovsk\u00fd les v sob\u011b maj\u00ed zvl\u00e1\u0161tn\u00ed n\u00e1dech tajemna. Po\u010d\u00ednaje m\u00edsty jako P\u0159ebuz a kon\u010de zanikl\u00fdmi obcemi (\u010cist\u00e1) jsou skv\u011bl\u00e9 pro sportovn\u00ed aktivity a pozn\u00e1v\u00e1n\u00ed. A kdy\u017e se poda\u0159\u00ed spojit historii s p\u0159\u00edrodn\u00edm bohatstv\u00edm, vzniknou zaj\u00edmav\u00e9 edukativn\u00ed programy.&nbsp;<\/p>\n\n\n\n<p>Jen\u017ee to nen\u00ed v\u0161echno. Karlovarsk\u00fd kraj prost\u0159ednictv\u00edm Odboru kultury, cestovn\u00edho ruchu a l\u00e1ze\u0148stv\u00ed umo\u017e\u0148uje v\u00fdjezdy \u017e\u00e1k\u016f financov\u00e1n\u00edm, \u010d\u00edm\u017e odpad\u00e1 nep\u0159\u00edjemn\u00e1 bari\u00e9ra v podob\u011b nedostatku pen\u011bz. Jsou okresn\u00ed m\u011bsta v dobr\u00e9 dostupnosti, ale tak\u00e9 dopravn\u011b odlou\u010den\u00e9 obce a i v nich se u\u010d\u00ed. Pr\u00e1v\u011b pro n\u011b je financov\u00e1n\u00ed podobn\u00e9 projektov\u00e9 v\u00fduky velkou pomoc\u00ed.&nbsp;<\/p>\n\n\n\n<p>V Karlovarsk\u00e9m kraji jsou dal\u0161\u00ed kr\u00e1sn\u00e1 m\u00edsta. Z\u00e1mek Kyn\u017evart, hrad Loket, kl\u00e1\u0161ter Tepl\u00e1, trochu opomenut\u00e9 Skoky, ji\u017e zm\u00edn\u011bn\u00e1 P\u0159ebuz, Horn\u00ed Blatn\u00e1 a dal\u0161\u00ed lokality dopl\u0148uj\u00ed t\u0159i zn\u00e1m\u00e1 m\u011bsta Karlovy Vary, Mari\u00e1nsk\u00e9 L\u00e1zn\u011b a Franti\u0161kovy L\u00e1zn\u011b a ukazuj\u00ed, \u017ee nejde jen o tento troj\u00faheln\u00edk. Lze tak sestavovat v\u00fdborn\u00e9 vzd\u011bl\u00e1vac\u00ed projekty nap\u0159\u00ed\u010d cel\u00fdm regionem.&nbsp;&nbsp;<\/p>\n\n\n\n<p>Pod\u011bkov\u00e1n\u00ed pat\u0159\u00ed krom\u011b z\u00e1stupc\u016f kraje v\u010detn\u011b odboru kultury a odboru \u0161kolstv\u00ed i \u0161kol\u00e1m, kter\u00e9 pomohly v realizaci. Po\u0159\u00e1daj\u00edc\u00ed Krajsk\u00e9 vzd\u011bl\u00e1vac\u00ed centrum je sou\u010d\u00e1st\u00ed Gymn\u00e1zia Sokolov. A krom\u011b n\u011bj se zapojila St\u0159edn\u00ed \u0161kola \u017eivnostensk\u00e1 a Z\u00e1kladn\u00ed um\u011bleck\u00e1 \u0161kola, ob\u011b rovn\u011b\u017e v Sokolov\u011b. \u00da\u010dastn\u00edci, kte\u0159\u00ed zaplnili aulu gymn\u00e1zia, odj\u00ed\u017ed\u011bli do sv\u00fdch \u0161kol s velk\u00fdm mno\u017estv\u00edm materi\u00e1l\u016f v\u010detn\u011b v\u00fdukov\u00e9ho projektu Objev poklady nejen Karlovarsk\u00e9ho kraje.\u00a0<\/p>\n\n\n\n<p>D\u00edky v\u0161em za par\u00e1dn\u00ed vystoupen\u00ed i skv\u011blou a vysokou \u00fa\u010dast.&nbsp;<\/p>\n\n\n\n<p><strong>Autor: Petr Chlebek<\/strong><\/p>\n\n\n\n<p>Prezentace ke sta\u017een\u00ed: <a href=\"http:\/\/ucitel.kvcso.cz\/wp-content\/uploads\/2023\/03\/ped_den_prezentace_1_cast.zip\">1. \u010d\u00e1st<\/a> &#8211; <a href=\"http:\/\/ucitel.kvcso.cz\/wp-content\/uploads\/2023\/03\/ped_den_prezentace_2_cast.zip\">2. \u010d\u00e1st<\/a><\/p>\n","protected":false},"excerpt":{"rendered":"<p>Kdy\u017e se setkaj\u00ed kanto\u0159i z r\u016fzn\u00fdch \u0161kol, je v\u017edy o \u010dem mluvit.&nbsp; V jeden den v roce se sejdou u\u010ditel\u00e9 v Karlovarsk\u00e9m kraji na velk\u00e9 akci pod n\u00e1zvem Pedagogick\u00fd den. Je to ji\u017e tradice, kter\u00e1 byla naru\u0161ena pouze obdob\u00edm uzav\u0159en\u00fdch \u0161kol kv\u016fli pandemii. Pro n\u00e1s jako po\u0159\u00e1daj\u00edc\u00ed \u0161kolu jde o d\u016fle\u017eit\u00e9 setk\u00e1n\u00ed, proto\u017ee n\u00e1m jednak&#8230;<\/p>\n","protected":false},"author":2,"featured_media":0,"comment_status":"closed","ping_status":"closed","sticky":false,"template":"","format":"standard","meta":{"footnotes":""},"categories":[8,9,10],"tags":[55,115,28,114,43],"class_list":["post-876","post","type-post","status-publish","format-standard","hentry","category-sekce-prirodovedna","category-sekce-spolecenskovedni","category-sekce-vychov","tag-dejepis","tag-historie","tag-projekt","tag-unesco","tag-zemepis"],"_links":{"self":[{"href":"https:\/\/ucitel.kvcso.cz\/index.php?rest_route=\/wp\/v2\/posts\/876","targetHints":{"allow":["GET"]}}],"collection":[{"href":"https:\/\/ucitel.kvcso.cz\/index.php?rest_route=\/wp\/v2\/posts"}],"about":[{"href":"https:\/\/ucitel.kvcso.cz\/index.php?rest_route=\/wp\/v2\/types\/post"}],"author":[{"embeddable":true,"href":"https:\/\/ucitel.kvcso.cz\/index.php?rest_route=\/wp\/v2\/users\/2"}],"replies":[{"embeddable":true,"href":"https:\/\/ucitel.kvcso.cz\/index.php?rest_route=%2Fwp%2Fv2%2Fcomments&post=876"}],"version-history":[{"count":10,"href":"https:\/\/ucitel.kvcso.cz\/index.php?rest_route=\/wp\/v2\/posts\/876\/revisions"}],"predecessor-version":[{"id":886,"href":"https:\/\/ucitel.kvcso.cz\/index.php?rest_route=\/wp\/v2\/posts\/876\/revisions\/886"}],"wp:attachment":[{"href":"https:\/\/ucitel.kvcso.cz\/index.php?rest_route=%2Fwp%2Fv2%2Fmedia&parent=876"}],"wp:term":[{"taxonomy":"category","embeddable":true,"href":"https:\/\/ucitel.kvcso.cz\/index.php?rest_route=%2Fwp%2Fv2%2Fcategories&post=876"},{"taxonomy":"post_tag","embeddable":true,"href":"https:\/\/ucitel.kvcso.cz\/index.php?rest_route=%2Fwp%2Fv2%2Ftags&post=876"}],"curies":[{"name":"wp","href":"https:\/\/api.w.org\/{rel}","templated":true}]}}