{"id":180,"date":"2013-11-29T15:02:00","date_gmt":"2013-11-29T14:02:00","guid":{"rendered":"http:\/\/public.kvcso.cz\/?p=180"},"modified":"2020-03-29T15:03:58","modified_gmt":"2020-03-29T13:03:58","slug":"architektonicke-pamatky-sokolovska-aneb-nekolik-napadu-ucitele-vytvarne-vychovy","status":"publish","type":"post","link":"https:\/\/ucitel.kvcso.cz\/?p=180","title":{"rendered":"Architektonick\u00e9 pam\u00e1tky Sokolovska aneb N\u011bkolik n\u00e1pad\u016f u\u010ditele v\u00fdtvarn\u00e9 v\u00fdchovy"},"content":{"rendered":"\n<p>Architektonick\u00e9 pam\u00e1tky Sokolovska je t\u00e9ma, na kter\u00e9 lze nahl\u00ed\u017eet z mnoha \u00fahl\u016f. V\u011bcn\u011b, tedy sp\u00ed\u0161e um\u011bnov\u011bdn\u011b, nebo jako na motivaci k daleko \u0161ir\u0161\u00ed diskusi o na\u0161em regionu, tolik v\u00fdjime\u010dn\u00e9m svou polohou a histori\u00ed.<\/p>\n\n\n\n<p>Nen\u00ed \u017e\u00e1dn\u00fdm tajemstv\u00edm, \u017ee tzv. v\u00fdchovn\u00e9 p\u0159edm\u011bty nikdy nem\u011bly pevn\u00e9 postaven\u00ed ve vzd\u011bl\u00e1vac\u00edm procesu. Nem\u00e1m na mysli jen hodinovou dotaci, kter\u00e1 je v\u017edy v okam\u017eiku &#8222;ekonomick\u00e9 pohotovosti&#8220; postupn\u011b a nen\u00e1padn\u011b sni\u017eov\u00e1na, ale nelze pominout ani pozici v\u00fdchov v pov\u011bdom\u00ed spole\u010dnosti, ale tak\u00e9 \u0159editel\u016f \u0161kol. Vychov\u00e1vat k estetick\u00e9mu c\u00edt\u011bn\u00ed, ke vztahu ke kulturn\u00edmu d\u011bdictv\u00ed, k formov\u00e1n\u00ed ur\u010dit\u00fdch postoj\u016f, k lidsk\u00e9mu &#8222;umu&#8220; jako takov\u00e9mu, to jsou dnes atributy sekund\u00e1rn\u00ed, neb nejen \u017ee nezapadaj\u00ed do dne\u0161n\u00edho povrchn\u00edho a konzumn\u00edho sv\u011bta, ale oproti exaktn\u00edm obor\u016fm se v\u00fdsledek v\u00fdchovn\u00e9ho p\u016fsoben\u00ed projev\u00ed a\u017e v \u010dasov\u011b vzd\u00e1len\u00e9m horizontu. Nelze okam\u017eit\u011b zm\u011b\u0159it, nelze testovat, nelze hmatateln\u011b dolo\u017eit, to jsou v celkov\u00e9m sou\u010dtu handicapy v\u0161ech v\u00fdchov, kter\u00e9 je odsouvaj\u00ed na periferii vzd\u011bl\u00e1v\u00e1n\u00ed, pota\u017emo vychov\u00e1v\u00e1n\u00ed.<\/p>\n\n\n\n<p>Kr\u00e1se, um\u011bn\u00ed, vkusu a esteti\u010dnu dne\u0161n\u00ed doba nep\u0159eje nejen ve \u0161kolstv\u00ed, n\u00fdbr\u017e jsou vytla\u010dov\u00e1ny i z b\u011b\u017en\u00e9ho \u017eivota. \u017dehrat na diktaturu po\u010d\u00edta\u010d\u016f a soci\u00e1ln\u00edch s\u00edt\u00ed nem\u00e1 smyslu, staly se sou\u010d\u00e1st\u00ed syst\u00e9mu. Osobn\u011b vn\u00edm\u00e1m daleko v\u011bt\u0161\u00ed nebezpe\u010d\u00ed v apatii t\u011bch, kte\u0159\u00ed vychov\u00e1vaj\u00ed doma. U\u017e i oni se stali produkty &#8222;modern\u00edho&#8220; spole\u010denstv\u00ed, sv\u00e9 d\u011bti nevychov\u00e1vaj\u00ed, jen se s nimi setk\u00e1vaj\u00ed ve stejn\u00fdch m\u00edstnostech. N\u00e1v\u0161t\u011bva v\u00fdstavy, kostela, z\u00e1mku, hradu, muzea, pota\u017emo inspirativn\u00ed p\u0159\u00edrody, p\u00e1tr\u00e1n\u00ed v minulosti a uv\u011bdomov\u00e1n\u00ed si soun\u00e1le\u017eitosti s kulturn\u00ed histori\u00ed, a nach\u00e1zet tak op\u011brn\u00e9 body pro dal\u0161\u00ed pozn\u00e1v\u00e1n\u00ed, sebepozn\u00e1v\u00e1n\u00ed a vytv\u00e1\u0159en\u00ed hierarchie hodnot, to je p\u0159\u00edli\u0161 vz\u00e1cn\u00e9 ko\u0159en\u00ed. Boj\u00edm se konstatovat, \u017ee \u0161kola je v sou\u010dasnosti skute\u010dn\u011b jedin\u00e9 m\u00edsto, kde se d\u00edt\u011b m\u016f\u017ee alespo\u0148 na chv\u00edli vymanit z hektick\u00e9ho okol\u00ed.<\/p>\n\n\n\n<p>Architektonick\u00e9 pam\u00e1tky Sokolovska je t\u00e9ma, na kter\u00e9 lze nahl\u00ed\u017eet z mnoha \u00fahl\u016f. V\u011bcn\u011b, tedy sp\u00ed\u0161e um\u011bnov\u011bdn\u011b, nebo jako na motivaci k daleko \u0161ir\u0161\u00ed diskusi o na\u0161em regionu, tolik v\u00fdjime\u010dn\u00e9m svou polohou a histori\u00ed. N\u00e1sleduj\u00edc\u00ed \u0159\u00e1dky jsou pouze z\u00e1kladn\u00edm p\u0159ehledem inspirativn\u00edch n\u00e1pad\u016f &#8222;oby\u010dejn\u00e9ho&#8220; pedagoga v\u00fdtvarn\u00e9 v\u00fdchovy.<\/p>\n\n\n\n<p><strong>A.<\/strong>&nbsp;Diskuse se \u017e\u00e1ky na t\u00e9ma, v \u010dem je n\u00e1\u0161 okres specifick\u00fd, zvl\u00e1\u0161tn\u00ed (nap\u0159\u00edklad oproti lokalit\u00e1m ze st\u0159edn\u00edch \u010cech), co v\u0161e mohlo p\u0159edev\u0161\u00edm ve 20.&nbsp;stolet\u00ed ovliv\u0148ovat jeho d\u011bjiny, co v\u0161e museli pro\u017e\u00edt m\u00edstn\u00ed lid\u00e9 (jist\u011b pom\u016f\u017ee zji\u0161t\u011bn\u00ed, kdo z \u017e\u00e1k\u016f m\u00e1 n\u011bmeck\u00e9 p\u0159edky). M\u00edsto diskuse lze zadat jako dom\u00e1c\u00ed p\u0159\u00edpravu, v n\u00ed\u017e by nem\u011bl sch\u00e1zet rozhovor se seniory \u2013 ka\u017ed\u00fd osobn\u00ed p\u0159\u00edb\u011bh autentick\u00fd nebo zprost\u0159edkovan\u00fd m\u00e1 emotivn\u00ed \u00fa\u010dinnost a p\u0159id\u00e1v\u00e1 na d\u016fv\u011bryhodnosti. Nem\u011bli bychom opomenout n\u00e1sleduj\u00edc\u00ed faktory:<\/p>\n\n\n\n<ul class=\"wp-block-list\"><li>Odsun n\u011bmeck\u00e9ho obyvatelstva po 2.&nbsp;sv\u011btov\u00e9 v\u00e1lce \u2013 dobr\u00e1 rada, v tuto chv\u00edli se rad\u011bji vyhnout (vzhledem ke sm\u011b\u0159ov\u00e1n\u00ed diskuse) legislativn\u00edm a mor\u00e1ln\u00edm aspekt\u016fm (lze dodate\u010dn\u011b vyu\u017e\u00edt v jin\u00fdch v\u00fdchov\u00e1ch).<\/li><li>Os\u00eddlen\u00ed pohrani\u010d\u00ed (Sudet) p\u0159ev\u00e1\u017en\u011b \u010desk\u00fdm obyvatelstvem bez vazby a vztahu k regionu a zcela jin\u00e9ho soci\u00e1ln\u00edho spektra (bude nutno vysv\u011btlit).<\/li><li>Zalo\u017een\u00ed vojensk\u00e9ho prostoru Prameny ve Slavkovsk\u00e9m lese a likvidace n\u011bkolika v\u00fdznamn\u00fdch obc\u00ed (\u010cist\u00e1, Smrkovec atd.).<\/li><li>Rozmach dolov\u00e9 \u010dinnosti, kter\u00fd vedl k likvidaci mnoha dal\u0161\u00edch obc\u00ed (V\u00edtkov, Jehli\u010dn\u00e1 atd.).<\/li><li>Po roce 1948 totalitn\u00ed re\u017eim, kter\u00fd ochranu kulturn\u00edho d\u011bdictv\u00ed c\u00edlen\u011b odsouval na vedlej\u0161\u00ed kolej (lze zm\u00ednit absolutn\u00ed nez\u00e1jem o nejv\u011bt\u0161\u00ed poutn\u00ed m\u00edsto Chlum Svat\u00e9 Ma\u0159\u00ed) \u2013 dokonce p\u0159ejmenov\u00e1no na Chlum nad Oh\u0159\u00ed.<\/li><li><strong>Legitimn\u00ed ot\u00e1zky:<\/strong>&nbsp;Jak\u00fd vliv mohly m\u00edt tyto d\u011bjinn\u00e9 zvraty na um\u011bleck\u00e9 pam\u00e1tky? Jak si \u010dlov\u011bk utv\u00e1\u0159\u00ed vztah k m\u00edstu, kde \u017eije? Jak pozn\u00e1me (na \u010dem), \u017ee \u010dlov\u011bk m\u00e1 pouto k regionu?<\/li><\/ul>\n\n\n\n<p><strong>B.<\/strong>&nbsp;Architektonick\u00e9 pam\u00e1tky Sokolovska \u2013 uk\u00e1zat n\u011bkolik p\u0159\u00edklad\u016f z p\u0159ilo\u017een\u00e9 digit\u00e1ln\u00ed datab\u00e1ze (sakr\u00e1ln\u00ed stavby, z\u00e1mky, hrady), vhodn\u00fd men\u0161\u00ed slovn\u00ed doprovod. Potom uk\u00e1zat kresbu zbo\u0159en\u00e9ho kostela z obce Smrkovec a p\u0159ibl\u00ed\u017eit jeho osud (zlikvidov\u00e1n jen proto, aby zde mohli cvi\u010dit \u010de\u0161t\u00ed voj\u00e1ci). V t\u00e9to souvislosti je na m\u00edst\u011b pustit uk\u00e1zku z instrukt\u00e1\u017en\u00edho filmu&nbsp;<em>Boj o osadu<\/em>, kter\u00fd p\u0159ibli\u017euje vojenskou devastaci m\u011bste\u010dka \u010cist\u00e1 (odkaz viz n\u00ed\u017ee). Velice zaj\u00edmav\u00e9, drastick\u00e9 a emotivn\u00ed.<\/p>\n\n\n\n<ul class=\"wp-block-list\"><li><strong>Legitimn\u00ed ot\u00e1zky:<\/strong>&nbsp;Pozn\u00e1v\u00e1te n\u011bkter\u00e9 stavby z datab\u00e1ze? Kter\u00e9 nejv\u00edce zaujaly? Vid\u011bli jste n\u011bkter\u00e9 z nich v re\u00e1lu? Jak\u00e9 pocity m\u00e1te, kdy\u017e se d\u00edv\u00e1te na monument\u00e1ln\u00ed stavbu starou n\u011bkolik stalet\u00ed? K jak\u00fdm \u00fa\u010del\u016fm byla ta \u010di ona stavba vybudov\u00e1na? Pro\u010d bychom m\u011bli v sou\u010dasn\u00e9 dob\u011b tyto pam\u00e1tky chr\u00e1nit a rekonstruovat? Jak\u00e1 architektura z\u016fstane dal\u0161\u00edm generac\u00edm po na\u0161\u00ed &#8222;modern\u00ed&#8220; spole\u010dnosti? M\u011bli bychom se v\u016fbec (a pro\u010d) zaj\u00edmat o kulturn\u00ed d\u011bdictv\u00ed?<\/li><\/ul>\n\n\n\n<p><strong>C.<\/strong>&nbsp;Pro zpest\u0159en\u00ed lze z datab\u00e1ze&nbsp;<a href=\"http:\/\/metodik.kvcso.cz\/storage\/arch_pamatky_sok.zip\" target=\"_blank\" rel=\"noreferrer noopener\">32&nbsp;fotografi\u00ed<\/a>&nbsp;architektonick\u00fdch pam\u00e1tek p\u0159ipravit jakoukoliv sout\u011b\u017e \u2013 nap\u0159\u00edklad &#8222;pozn\u00e1va\u010dku&#8220; nebo tzv.&nbsp;pexeso. Lze tak\u00e9 v hodin\u011b v\u00fdtvarn\u00e9 v\u00fdchovy nakreslit (namalovat) jednu z t\u011bchto staveb. Nemus\u00ed se \u010dekat na p\u0159\u00edhodn\u00e9 po\u010das\u00ed, m\u00e1m dobrou zku\u0161enost kresby z prom\u00edtan\u00e9 architektury z dataprojektoru (nav\u00edc se v\u00fdborn\u011b zu\u017eitkuje p\u0159i seznamov\u00e1n\u00ed z\u00e1klad\u016f perspektivy).<\/p>\n\n\n\n<p><strong>D.<\/strong>&nbsp;\u00dakoly \u2013 v r\u00e1mci pozn\u00e1v\u00e1n\u00ed regionu lze doporu\u010dit, aby ka\u017ed\u00fd \u017e\u00e1k nav\u0161t\u00edvil alespo\u0148 5&nbsp;pam\u00e1tek z datab\u00e1ze osobn\u011b. M\u016f\u017ee zjistit z\u00e1kladn\u00ed historick\u00e9 \u00fadaje, m\u016f\u017ee osobn\u011b fotografovat, m\u016f\u017ee za\u0159adit do kulturn\u00ed epochy a toto v\u010dlen\u011bn\u00ed zd\u016fvodnit. Taky lze p\u0159ilo\u017eenou datab\u00e1zi fotografi\u00ed vyu\u017e\u00edt k tomu, \u017ee si \u017e\u00e1k nalep\u00ed jednotliv\u00e9 pam\u00e1tky na velkou \u010dtvrtku, na n\u00ed\u017e bude nakreslena mapa okresu atd..&nbsp;&nbsp;<\/p>\n\n\n\n<h4 class=\"wp-block-heading\">Z\u00e1v\u011br<\/h4>\n\n\n\n<p>V\u00fd\u0161e uveden\u00e9 \u0159\u00e1dky nejsou p\u0159\u00edpravou na hodinu v\u00fdtvarn\u00e9 v\u00fdchovy, jsou jen ur\u010ditou sumarizac\u00ed n\u00e1pad\u016f, kter\u00e9 by mohly pomoci jak u\u010diteli, tak zejm\u00e9na \u017e\u00e1k\u016fm vytv\u00e1\u0159et si vztah ke kulturn\u00edmu d\u011bdictv\u00ed.<\/p>\n\n\n\n<p><strong>Autor: Vladim\u00edr Prokop<\/strong> <\/p>\n","protected":false},"excerpt":{"rendered":"<p>Architektonick\u00e9 pam\u00e1tky Sokolovska je t\u00e9ma, na kter\u00e9 lze nahl\u00ed\u017eet z mnoha \u00fahl\u016f. V\u011bcn\u011b, tedy sp\u00ed\u0161e um\u011bnov\u011bdn\u011b, nebo jako na motivaci k daleko \u0161ir\u0161\u00ed diskusi o na\u0161em regionu, tolik v\u00fdjime\u010dn\u00e9m svou polohou a histori\u00ed. Nen\u00ed \u017e\u00e1dn\u00fdm tajemstv\u00edm, \u017ee tzv. v\u00fdchovn\u00e9 p\u0159edm\u011bty nikdy nem\u011bly pevn\u00e9 postaven\u00ed ve vzd\u011bl\u00e1vac\u00edm procesu. Nem\u00e1m na mysli jen hodinovou dotaci, kter\u00e1 je&#8230;<\/p>\n","protected":false},"author":2,"featured_media":0,"comment_status":"closed","ping_status":"closed","sticky":false,"template":"","format":"standard","meta":{"footnotes":""},"categories":[10],"tags":[66,65],"class_list":["post-180","post","type-post","status-publish","format-standard","hentry","category-sekce-vychov","tag-architektura","tag-vytvarna-vychova"],"_links":{"self":[{"href":"https:\/\/ucitel.kvcso.cz\/index.php?rest_route=\/wp\/v2\/posts\/180","targetHints":{"allow":["GET"]}}],"collection":[{"href":"https:\/\/ucitel.kvcso.cz\/index.php?rest_route=\/wp\/v2\/posts"}],"about":[{"href":"https:\/\/ucitel.kvcso.cz\/index.php?rest_route=\/wp\/v2\/types\/post"}],"author":[{"embeddable":true,"href":"https:\/\/ucitel.kvcso.cz\/index.php?rest_route=\/wp\/v2\/users\/2"}],"replies":[{"embeddable":true,"href":"https:\/\/ucitel.kvcso.cz\/index.php?rest_route=%2Fwp%2Fv2%2Fcomments&post=180"}],"version-history":[{"count":1,"href":"https:\/\/ucitel.kvcso.cz\/index.php?rest_route=\/wp\/v2\/posts\/180\/revisions"}],"predecessor-version":[{"id":181,"href":"https:\/\/ucitel.kvcso.cz\/index.php?rest_route=\/wp\/v2\/posts\/180\/revisions\/181"}],"wp:attachment":[{"href":"https:\/\/ucitel.kvcso.cz\/index.php?rest_route=%2Fwp%2Fv2%2Fmedia&parent=180"}],"wp:term":[{"taxonomy":"category","embeddable":true,"href":"https:\/\/ucitel.kvcso.cz\/index.php?rest_route=%2Fwp%2Fv2%2Fcategories&post=180"},{"taxonomy":"post_tag","embeddable":true,"href":"https:\/\/ucitel.kvcso.cz\/index.php?rest_route=%2Fwp%2Fv2%2Ftags&post=180"}],"curies":[{"name":"wp","href":"https:\/\/api.w.org\/{rel}","templated":true}]}}